{"id":1419,"date":"2026-03-13T15:58:10","date_gmt":"2026-03-13T14:58:10","guid":{"rendered":"https:\/\/www.autismohelp.it\/?p=1419"},"modified":"2026-03-13T15:58:10","modified_gmt":"2026-03-13T14:58:10","slug":"%f0%9d%9f%90-%f0%9d%90%8f%f0%9d%90%80%f0%9d%90%92%f0%9d%90%92%f0%9d%90%88-%f0%9d%90%8f%f0%9d%90%84%f0%9d%90%91-%f0%9d%90%8b%f0%9d%90%80%f0%9d%90%94%f0%9d%90%93%f0%9d%90%88%f0%9d%90%92%f0%9d%90%8c","status":"publish","type":"post","link":"https:\/\/www.autismohelp.it\/?p=1419","title":{"rendered":"&#8220;\ud835\udfd0 \ud835\udc0f\ud835\udc00\ud835\udc12\ud835\udc12\ud835\udc08 \ud835\udc0f\ud835\udc04\ud835\udc11 \ud835\udc0b&#8217;\ud835\udc00\ud835\udc14\ud835\udc13\ud835\udc08\ud835\udc12\ud835\udc0c\ud835\udc0e&#8221; &#8211; \ud835\udc02\ud835\udc00\ud835\udc0c\ud835\udc0c\ud835\udc08\ud835\udc0d\ud835\udc00\ud835\udc13\ud835\udc00 \ud835\udc04 \ud835\udc02\ud835\udc0e\ud835\udc11\ud835\udc12\ud835\udc00 \ud835\udc02\ud835\udc0e\ud835\udc0d\ud835\udc05\ud835\udc04\ud835\udc11\ud835\udc0c\ud835\udc00\ud835\udc13\ud835\udc04"},"content":{"rendered":"\n<p>Le previsioni meteo non sono le migliori, ma domani (per la settima volta) tra Mondov\u00ec e Vicoforte si camminer\u00e0 e si correr\u00e0 comunque per sostenere le persone con autismo e le loro famiglie.<\/p>\n\n\n\n<p>&#8220;\ud835\udc6a\ud835\udc82\ud835\udc8e\ud835\udc8e\ud835\udc8a\ud835\udc8f\ud835\udc82\ud835\udc95\ud835\udc82 \ud835\udc83\ud835\udc82\ud835\udc88\ud835\udc8f\ud835\udc82\ud835\udc95\ud835\udc82, \ud835\udc84\ud835\udc82\ud835\udc8e\ud835\udc8e\ud835\udc8a\ud835\udc8f\ud835\udc82\ud835\udc95\ud835\udc82 \ud835\udc87\ud835\udc90\ud835\udc93\ud835\udc95\ud835\udc96\ud835\udc8f\ud835\udc82\ud835\udc95\ud835\udc82&#8221;. Vi aspettiamo! <img loading=\"lazy\" decoding=\"async\" height=\"16\" width=\"16\" alt=\"\ud83d\udc99\" src=\"https:\/\/static.xx.fbcdn.net\/images\/emoji.php\/v9\/tb\/2\/16\/1f499.png\"><\/p>\n\n\n\n<p>Le previsioni meteo non sono le migliori, ma domani (per la settima volta) tra Mondov\u00ec e Vicoforte si camminer\u00e0 e si correr\u00e0 comunque per sostenere le persone con autismo e le loro famiglie.<\/p>\n\n\n\n<p>&#8220;\ud835\udc6a\ud835\udc82\ud835\udc8e\ud835\udc8e\ud835\udc8a\ud835\udc8f\ud835\udc82\ud835\udc95\ud835\udc82 \ud835\udc83\ud835\udc82\ud835\udc88\ud835\udc8f\ud835\udc82\ud835\udc95\ud835\udc82, \ud835\udc84\ud835\udc82\ud835\udc8e\ud835\udc8e\ud835\udc8a\ud835\udc8f\ud835\udc82\ud835\udc95\ud835\udc82 \ud835\udc87\ud835\udc90\ud835\udc93\ud835\udc95\ud835\udc96\ud835\udc8f\ud835\udc82\ud835\udc95\ud835\udc82&#8221;. Vi aspettiamo! <img loading=\"lazy\" decoding=\"async\" height=\"16\" width=\"16\" alt=\"\ud83d\udc99\" src=\"https:\/\/static.xx.fbcdn.net\/images\/emoji.php\/v9\/tb\/2\/16\/1f499.png\"><\/p>\n\n\n\n<figure class=\"wp-block-image size-large\"><a href=\"https:\/\/www.autismohelp.it\/wp-content\/uploads\/2026\/03\/26-Post-VERT-2PA-pioggia-web.jpg\"><img loading=\"lazy\" decoding=\"async\" width=\"819\" height=\"1024\" src=\"https:\/\/www.autismohelp.it\/wp-content\/uploads\/2026\/03\/26-Post-VERT-2PA-pioggia-web-819x1024.jpg\" alt=\"\" class=\"wp-image-1420\" srcset=\"https:\/\/www.autismohelp.it\/wp-content\/uploads\/2026\/03\/26-Post-VERT-2PA-pioggia-web-819x1024.jpg 819w, https:\/\/www.autismohelp.it\/wp-content\/uploads\/2026\/03\/26-Post-VERT-2PA-pioggia-web-240x300.jpg 240w, https:\/\/www.autismohelp.it\/wp-content\/uploads\/2026\/03\/26-Post-VERT-2PA-pioggia-web-768x960.jpg 768w, https:\/\/www.autismohelp.it\/wp-content\/uploads\/2026\/03\/26-Post-VERT-2PA-pioggia-web-1229x1536.jpg 1229w, https:\/\/www.autismohelp.it\/wp-content\/uploads\/2026\/03\/26-Post-VERT-2PA-pioggia-web-1639x2048.jpg 1639w, https:\/\/www.autismohelp.it\/wp-content\/uploads\/2026\/03\/26-Post-VERT-2PA-pioggia-web-668x835.jpg 668w, https:\/\/www.autismohelp.it\/wp-content\/uploads\/2026\/03\/26-Post-VERT-2PA-pioggia-web.jpg 1969w\" sizes=\"auto, (max-width: 819px) 100vw, 819px\" \/><\/a><\/figure>\n","protected":false},"excerpt":{"rendered":"<p>Le previsioni meteo non sono le migliori, ma domani (per la settima volta) tra Mondov\u00ec e Vicoforte si camminer\u00e0 e si correr\u00e0 comunque per sostenere le persone con autismo e le loro famiglie. &#8220;\ud835\udc6a\ud835\udc82\ud835\udc8e\ud835\udc8e\ud835\udc8a\ud835\udc8f\ud835\udc82\ud835\udc95\ud835\udc82 \ud835\udc83\ud835\udc82\ud835\udc88\ud835\udc8f\ud835\udc82\ud835\udc95\ud835\udc82, \ud835\udc84\ud835\udc82\ud835\udc8e\ud835\udc8e\ud835\udc8a\ud835\udc8f\ud835\udc82\ud835\udc95\ud835\udc82 \ud835\udc87\ud835\udc90\ud835\udc93\ud835\udc95\ud835\udc96\ud835\udc8f\ud835\udc82\ud835\udc95\ud835\udc82&#8221;. Vi aspettiamo! Le previsioni meteo non sono le migliori, ma domani (per la settima volta) tra Mondov\u00ec e [&hellip;]<\/p>\n","protected":false},"author":1,"featured_media":0,"comment_status":"closed","ping_status":"","sticky":false,"template":"","format":"standard","meta":{"footnotes":""},"categories":[1],"tags":[],"class_list":{"0":"post-1419","1":"post","2":"type-post","3":"status-publish","4":"format-standard","6":"category-senza-categoria","7":"h-entry","8":"hentry","9":"h-as-article"},"_links":{"self":[{"href":"https:\/\/www.autismohelp.it\/index.php?rest_route=\/wp\/v2\/posts\/1419","targetHints":{"allow":["GET"]}}],"collection":[{"href":"https:\/\/www.autismohelp.it\/index.php?rest_route=\/wp\/v2\/posts"}],"about":[{"href":"https:\/\/www.autismohelp.it\/index.php?rest_route=\/wp\/v2\/types\/post"}],"author":[{"embeddable":true,"href":"https:\/\/www.autismohelp.it\/index.php?rest_route=\/wp\/v2\/users\/1"}],"replies":[{"embeddable":true,"href":"https:\/\/www.autismohelp.it\/index.php?rest_route=%2Fwp%2Fv2%2Fcomments&post=1419"}],"version-history":[{"count":1,"href":"https:\/\/www.autismohelp.it\/index.php?rest_route=\/wp\/v2\/posts\/1419\/revisions"}],"predecessor-version":[{"id":1421,"href":"https:\/\/www.autismohelp.it\/index.php?rest_route=\/wp\/v2\/posts\/1419\/revisions\/1421"}],"wp:attachment":[{"href":"https:\/\/www.autismohelp.it\/index.php?rest_route=%2Fwp%2Fv2%2Fmedia&parent=1419"}],"wp:term":[{"taxonomy":"category","embeddable":true,"href":"https:\/\/www.autismohelp.it\/index.php?rest_route=%2Fwp%2Fv2%2Fcategories&post=1419"},{"taxonomy":"post_tag","embeddable":true,"href":"https:\/\/www.autismohelp.it\/index.php?rest_route=%2Fwp%2Fv2%2Ftags&post=1419"}],"curies":[{"name":"wp","href":"https:\/\/api.w.org\/{rel}","templated":true}]}}