{"id":865,"date":"2019-06-01T00:34:02","date_gmt":"2019-05-31T22:34:02","guid":{"rendered":"http:\/\/www.autismohelp.it\/?p=865"},"modified":"2019-06-01T01:18:47","modified_gmt":"2019-05-31T23:18:47","slug":"ancora-un-successo-di-pubblico-per-la-3-edizione-di-un-mosaico-di-classe-di-autismo-help-cuneo","status":"publish","type":"post","link":"https:\/\/www.autismohelp.it\/?p=865","title":{"rendered":"Ancora un successo di pubblico per la 3\u00b0 edizione di \u201cUn Mosaico di Classe\u201d di Autismo Help Cuneo"},"content":{"rendered":"<p><a href=\"http:\/\/www.autismohelp.it\/wp-content\/uploads\/2019\/06\/Mosaici-cerimonia-2.jpeg\"><img loading=\"lazy\" decoding=\"async\" class=\"aligncenter size-full wp-image-866\" src=\"http:\/\/www.autismohelp.it\/wp-content\/uploads\/2019\/06\/Mosaici-cerimonia-2.jpeg\" alt=\"Mosaici-cerimonia 2\" width=\"1600\" height=\"1200\" srcset=\"https:\/\/www.autismohelp.it\/wp-content\/uploads\/2019\/06\/Mosaici-cerimonia-2.jpeg 1600w, https:\/\/www.autismohelp.it\/wp-content\/uploads\/2019\/06\/Mosaici-cerimonia-2-300x225.jpeg 300w, https:\/\/www.autismohelp.it\/wp-content\/uploads\/2019\/06\/Mosaici-cerimonia-2-1024x768.jpeg 1024w, https:\/\/www.autismohelp.it\/wp-content\/uploads\/2019\/06\/Mosaici-cerimonia-2-668x501.jpeg 668w\" sizes=\"auto, (max-width: 1600px) 100vw, 1600px\" \/><\/a><\/p>\n<p>In una bella giornata di maggio,\u00a0anche quest\u2019anno,\u00a0<strong>sabato 25<\/strong>\u00a0si \u00e8 svolta presso la\u00a0meravigliosa cornice di\u00a0<strong>Cascina Nibal di Mondov\u00ec<\/strong>, la cerimonia di\u00a0<strong>premiazione della 3\u00b0 edizione di \u201cUn mosaico di classe\u201d\u00a0<\/strong>dal progetto \u201c<strong>Amici Speciali<\/strong>\u201d di Autismo Help Cuneo. All\u2019evento hanno partecipato numerose persone; famiglie, insegnanti, dirigenti scolastici, educatori e tanti, tanti bambini delle scuole Primarie e dell\u2019Infanzia che avevano contribuito a realizzare le bellissime e originali opere artistiche per la manifestazione.\u00a0I partecipanti, quasi 200, hanno festeggiato i vincitori della terza edizione.<\/p>\n<p>Per la categoria Scuola dell\u2019Infanzia:<\/p>\n<p>1\u00b0 classificato: opera\u00a0<strong>\u201cIl nostro giardino dell\u2019amicizia\u201c\u00a0<\/strong>della sezione unica della\u00a0<strong>Scuola di Rifreddo\u00a0<\/strong>di Mondov\u00ec<\/p>\n<p>2\u00b0 classificato: opera\u00a0<strong>\u201cTi aiuto io, mi aiuti tu!\u201c<\/strong>delle sez. A-B-C della\u00a0<strong>Scuola di Chiusa di Pesio<\/strong><\/p>\n<p>3\u00b0 classificato: opera\u00a0<strong>\u201cNoi coloriamo il mondo con i pennelli volanti dell\u2019amicizia\u201d<\/strong>della sezione unica della\u00a0<strong>Scuola di Margarita<\/strong><\/p>\n<p>Per la categoria Scuola Primaria:<\/p>\n<p>1\u00b0 classificato: opera\u00a0<strong>\u201cSinfonia di Uccellini n\u00b022\u201d<\/strong>della classe 2\u00b0A della\u00a0<strong>Scuola \u201cI. Calvino\u201d di Fossano<\/strong><\/p>\n<p>2\u00b0 classificato: opera in 4 sequenze\u00a0<strong>\u201cLa scatola di pennarelli\u201d<\/strong>delle classi 1\u00b0\/2\u00b0\/3\u00b0\/4\u00b0\/5\u00b0 della\u00a0<strong>Scuola di Margarita<\/strong><\/p>\n<p>3\u00b0 classificato: opera in 2 sequenze\u00a0<strong>\u201cOcchio Saggio\u201d<\/strong>della classe 3\u00b0B della\u00a0<strong>Scuola di Villanova Mondov\u00ec<\/strong><\/p>\n<p>Anche quest\u2019anno sono stati assegnanti due premi speciali ai plessi scolastici della Primaria e dell\u2019infanzia che hanno partecipato con un numero pi\u00f9 alto di classi\/sezioni e dimostrando una grande condivisione della tematica oltre i confini della singola classe. Il<strong>Premio speciale \u201cTUTTI PER UNO, UNO PER TUTTI\u201d<\/strong>\u00a0cat. Infanzia, va alle sezioni A-B del plesso scolastico\u00a0<strong>\u201cVia Monte Rosa\u201d<\/strong>di\u00a0<strong>Borgo San Dalmazzo\u00a0<\/strong>e per la cat.. Primaria,\u00a0alle classi 1\u00b0\/2\u00b0\/3\u00b0\/4\u00b0\/5\u00b0 del plesso scolastico di\u00a0<strong>Margarita.<\/strong><\/p>\n<p><strong>\u00a0<\/strong><strong>Le scuole hanno partecipato quest\u2019anno sono state, per l\u2019Infanzia;\u00a0<\/strong>la Scuola dell\u2019Infanzia di via Monte Rosa di Borgo San Dalmazzo, di Chiusa di Pesio, di Margarita e di Rifreddo. Per la Primaria; il Don Roaschio di Borgo San Dalmazzo, il Calvino di Fossano, l\u2019Einaudi in via Sobrero di Cuneo, il Calleri di Mondov\u00ec Altipiano, il Comino di Vicoforte Mondov\u00ec, la primaria di Villanova Mondov\u00ec, e la Primaria di Margarita.\u00a0<strong>22 opere sono state quelle presentate all\u2019edizione\u00a0<\/strong>e visibili durante l\u2019evento, sottoforma di\u00a0<strong>Mostra virtuale\u00a0<\/strong>allestita nella cappella annessa alla cascina nonch\u00e8 sede dell\u2019Associazione Autismo Help. I premi e i trofei sono stati realizzati, anche quest\u2019anno, grazie al contributo della\u00a0<strong>Fondazione BCC Pianfei e Rocca de&#8217; Baldi\u00a0<\/strong>rappresentata durante l\u2019evento dal\u00a0<strong>sig. Luigi Bianchessi\u00a0<\/strong>e dal\u00a0<strong>dr. Enrico Alga\u00a0<\/strong>responsabile della filiale\u00a0<strong>BCC di Mondov\u00ec<\/strong>. Inoltre hanno partecipato alla cerimonia di premiazione;\u00a0<strong>Maria Peano\u00a0<\/strong>membro\u00a0<strong>della commissione regionale per le pari opportunit\u00e0 del Consiglio regionale del Piemonte,\u00a0<\/strong>l\u2019<strong>on. Chiara Gribaudo\u00a0<\/strong>che ha sostenuto il progetto \u201cAmici Speciali\u201d sin dagli esordi, il\u00a0<strong>dr. Arduino,\u00a0<\/strong>direttore del dipartimento di Psicologia e psicopatologia dello sviluppo e responsabile del\u00a0<strong>Centro Autismo e Sindrome di Asperger di Mondov\u00ec\u00a0<\/strong>e il sindaco di Margarita\u00a0<strong>Michele Alberti<\/strong>.\u00a0Ringraziamo anche il\u00a0<strong>sen. Mino Taricco,\u00a0<\/strong>che nella prima edizione ha fatto da padrino d\u2019onore alla manifestazione e che per motivi imprevisti non \u00e8 potuto presenziare ma che attraverso una lettera ci ha manifestato la sua vicinanza e il suo rinnovato sostegno a questo progetto. Si ringrazia infine, la\u00a0<strong>cooperativa Interactive,<\/strong>\u00a0che come sempre ci sostiene mettendo a disposizione i locali del complesso residenziale di Cascina Nibal. Le opere che hanno partecipato all\u2019edizione di quest\u2019anno sono solo una parte di quelle che nelle scuole del territorio sono state realizzate; perch\u00e9 da altri plessi sono arrivate richieste del libretto di Amici Speciali per le classi, in cui sono state realizzate altrettante creazioni successivamente la scadenza indicata per la partecipazione all\u2019esposizione. Questo fattore \u00e8 molto indicativo, \u00e8 il segno che i tempi cambiano e ci\u00f2 che le associazioni come la nostra seminano oggi, domani daranno i loro frutti perch\u00e9 le nuove generazioni crescono e saranno pi\u00f9 consapevoli in futuro del valore della diversit\u00e0 che esiste e che fa parte del mondo in cui tutti viviamo. Grazie di cuore a tutti e arrivederci al prossimo anno!<\/p>\n<p>Per chi vuole vedere o rivedere il video della cerimonia di premiazione:<\/p>\n<p><iframe loading=\"lazy\"  id=\"_ytid_92033\"  width=\"600\" height=\"338\"  data-origwidth=\"600\" data-origheight=\"338\" src=\"https:\/\/www.youtube.com\/embed\/7KXFMUOYGCw?enablejsapi=1&#038;autoplay=0&#038;cc_load_policy=0&#038;cc_lang_pref=&#038;iv_load_policy=1&#038;loop=0&#038;rel=1&#038;fs=1&#038;playsinline=0&#038;autohide=2&#038;theme=light&#038;color=red&#038;controls=0&#038;disablekb=0&#038;\" class=\"__youtube_prefs__  epyt-is-override  no-lazyload\" title=\"YouTube player\"  allow=\"fullscreen; accelerometer; autoplay; clipboard-write; encrypted-media; gyroscope; picture-in-picture; web-share\" referrerpolicy=\"strict-origin-when-cross-origin\" allowfullscreen data-no-lazy=\"1\" data-skipgform_ajax_framebjll=\"\"><\/iframe><\/p>\n<p><iframe loading=\"lazy\"  id=\"_ytid_67584\"  width=\"600\" height=\"338\"  data-origwidth=\"600\" data-origheight=\"338\" src=\"https:\/\/www.youtube.com\/embed\/OtIDpz01oog?enablejsapi=1&#038;autoplay=0&#038;cc_load_policy=0&#038;cc_lang_pref=&#038;iv_load_policy=1&#038;loop=0&#038;rel=1&#038;fs=1&#038;playsinline=0&#038;autohide=2&#038;theme=light&#038;color=red&#038;controls=0&#038;disablekb=0&#038;\" class=\"__youtube_prefs__  epyt-is-override  no-lazyload\" title=\"YouTube player\"  allow=\"fullscreen; accelerometer; autoplay; clipboard-write; encrypted-media; gyroscope; picture-in-picture; web-share\" referrerpolicy=\"strict-origin-when-cross-origin\" allowfullscreen data-no-lazy=\"1\" data-skipgform_ajax_framebjll=\"\"><\/iframe><\/p>\n<p><iframe loading=\"lazy\"  id=\"_ytid_61990\"  width=\"600\" height=\"338\"  data-origwidth=\"600\" data-origheight=\"338\" src=\"https:\/\/www.youtube.com\/embed\/h36psmb3HRw?enablejsapi=1&#038;autoplay=0&#038;cc_load_policy=0&#038;cc_lang_pref=&#038;iv_load_policy=1&#038;loop=0&#038;rel=1&#038;fs=1&#038;playsinline=0&#038;autohide=2&#038;theme=light&#038;color=red&#038;controls=0&#038;disablekb=0&#038;\" class=\"__youtube_prefs__  epyt-is-override  no-lazyload\" title=\"YouTube player\"  allow=\"fullscreen; accelerometer; autoplay; clipboard-write; encrypted-media; gyroscope; picture-in-picture; web-share\" referrerpolicy=\"strict-origin-when-cross-origin\" allowfullscreen data-no-lazy=\"1\" data-skipgform_ajax_framebjll=\"\"><\/iframe><\/p>\n","protected":false},"excerpt":{"rendered":"<p>In una bella giornata di maggio,\u00a0anche quest\u2019anno,\u00a0sabato 25\u00a0si \u00e8 svolta presso la\u00a0meravigliosa cornice di\u00a0Cascina Nibal di Mondov\u00ec, la cerimonia di\u00a0premiazione della 3\u00b0 edizione di \u201cUn mosaico di classe\u201d\u00a0dal progetto \u201cAmici Speciali\u201d di Autismo Help Cuneo. All\u2019evento hanno partecipato numerose persone; famiglie, insegnanti, dirigenti scolastici, educatori e tanti, tanti bambini delle scuole Primarie e dell\u2019Infanzia che [&hellip;]<\/p>\n","protected":false},"author":1,"featured_media":0,"comment_status":"open","ping_status":"closed","sticky":false,"template":"","format":"standard","meta":{"footnotes":""},"categories":[1],"tags":[],"class_list":{"0":"post-865","1":"post","2":"type-post","3":"status-publish","4":"format-standard","6":"category-senza-categoria","7":"h-entry","8":"hentry","9":"h-as-article"},"_links":{"self":[{"href":"https:\/\/www.autismohelp.it\/index.php?rest_route=\/wp\/v2\/posts\/865","targetHints":{"allow":["GET"]}}],"collection":[{"href":"https:\/\/www.autismohelp.it\/index.php?rest_route=\/wp\/v2\/posts"}],"about":[{"href":"https:\/\/www.autismohelp.it\/index.php?rest_route=\/wp\/v2\/types\/post"}],"author":[{"embeddable":true,"href":"https:\/\/www.autismohelp.it\/index.php?rest_route=\/wp\/v2\/users\/1"}],"replies":[{"embeddable":true,"href":"https:\/\/www.autismohelp.it\/index.php?rest_route=%2Fwp%2Fv2%2Fcomments&post=865"}],"version-history":[{"count":7,"href":"https:\/\/www.autismohelp.it\/index.php?rest_route=\/wp\/v2\/posts\/865\/revisions"}],"predecessor-version":[{"id":873,"href":"https:\/\/www.autismohelp.it\/index.php?rest_route=\/wp\/v2\/posts\/865\/revisions\/873"}],"wp:attachment":[{"href":"https:\/\/www.autismohelp.it\/index.php?rest_route=%2Fwp%2Fv2%2Fmedia&parent=865"}],"wp:term":[{"taxonomy":"category","embeddable":true,"href":"https:\/\/www.autismohelp.it\/index.php?rest_route=%2Fwp%2Fv2%2Fcategories&post=865"},{"taxonomy":"post_tag","embeddable":true,"href":"https:\/\/www.autismohelp.it\/index.php?rest_route=%2Fwp%2Fv2%2Ftags&post=865"}],"curies":[{"name":"wp","href":"https:\/\/api.w.org\/{rel}","templated":true}]}}